{"id":9814,"date":"2014-05-28T10:58:13","date_gmt":"2014-05-28T13:58:13","guid":{"rendered":"http:\/\/www.blogdotarugao.com.br\/v1\/?p=9814"},"modified":"2014-05-28T10:58:13","modified_gmt":"2014-05-28T13:58:13","slug":"tcmtce-negromonte-e-bonfim-choram-durante-sabatina-nesta-terca-feira","status":"publish","type":"post","link":"https:\/\/www.blogdotarugao.com.br\/v1\/2014\/05\/28\/tcmtce-negromonte-e-bonfim-choram-durante-sabatina-nesta-terca-feira\/","title":{"rendered":"TCM\/TCE: Negromonte e Bonfim choram durante sabatina nesta ter\u00e7a-feira"},"content":{"rendered":"<p><img loading=\"lazy\" alt=\"\" src=\"http:\/\/www.bocaonews.com.br\/ckfinder\/userfiles\/fotos_e_imagens\/POLITICA\/BAHIA\/TCE-TCM\/negromonte_bonfim_.jpg\" width=\"448\" height=\"296\" \/><\/p>\n<p>Sabatinados pelos deputados estaduais baianos, na manh\u00e3 desta ter\u00e7a-feira (27), Mario Negromonte (PP) e Jo\u00e3o Bonfim (PDT) choraram ao narrar as respectivas biografias cumprindo o rito estabelecido para todos os que disputam a indica\u00e7\u00e3o de uma vaga para os Tribunais de Contas do Estado ou dos Munic\u00edpios.<!--more--><\/p>\n<p>As \u201centrevistas\u201d deveriam servir para avaliar o conhecimento e a capacidade daqueles que postulam o cargo na corte de contas, contudo, seguindo a tradi\u00e7\u00e3o, o que se viu foi uma reuni\u00e3o de colegas desejando sorte no projeto futuro e endossando as qualidades dos indicados.<\/p>\n<p>A elei\u00e7\u00e3o para referendar as indica\u00e7\u00f5es acontece nesta quarta-feira (28). \u00c9 feita por voto secreto e s\u00e3o necess\u00e1rios 32 votos (maioria simples). No caso de Negromonte, os deputados decidem se acatam ou n\u00e3o proposta do governador Jaques Wagner. J\u00e1 no que se refere a Bonfim, os parlamentares aprovam a candidatura da pr\u00f3pria Casa.<\/p>\n<p>Vale ressaltar que o pepista seguir\u00e1, se vitorioso, para o TCM. Bonfim pleiteia a indica\u00e7\u00e3o para o TCE.<\/p>\n<p>Os dois tiveram seus nomes aprovados na Comiss\u00e3o de Constitui\u00e7\u00e3o e Justi\u00e7a \u00e0 unanimidade. A relatora do projeto de indica\u00e7\u00e3o de Bonfim foi a deputada estadual M\u00e1rio Luiza Laudano. A relatoria da proposta de Negromonte coube ao correligion\u00e1rio Aderbal Caldas.<\/p>\n<p>Um acordo entre bancadas permitiu que o caso desses dois postulantes fosse diferente das normais.<\/p>\n<p><strong>Bonfim<\/strong><\/p>\n<p>Emocionado com a aprova\u00e7\u00e3o do nome, Bonfim afirmou que a experi\u00eancia obtida nos 20 anos de mandatos eletivos, somada a adquirida durante o per\u00edodo que trabalho no Banco do Brasil o credenciam a assumir o cargo no \u00f3rg\u00e3o que \u00e9 auxiliar \u00e0 Assembleia Legislativa.<\/p>\n<p>De fato, o Tribunal de Contas do Estado atua como fiscalizador e prop\u00f5e pareceres que devem ser apreciados pelos deputados estaduais. \u201cNosso papel ser\u00e1 de emitir pareceres. Eu tenho a confian\u00e7a e a certeza que sempre atuarei com a mesma lisura e comprometimento que tive aqui. O julgamento continuar\u00e1 sendo responsabilidade dos deputados\u201d.<\/p>\n<p>O l\u00edder da oposi\u00e7\u00e3o na Casa, Elmar Nascimento (DEM), confirmou as declara\u00e7\u00f5es de ontem recomendando \u00e0 bancada a aprova\u00e7\u00e3o da indica\u00e7\u00e3o do pedetista. \u201cBonfim soube aliar a capacidade t\u00e9cnica com a sensibilidade pol\u00edtica. N\u00e3o precisou de apadrinhamento pol\u00edtico para se candidatar\u201d, alfinetou.<\/p>\n<p>Vale ressaltar que desde 2012, Bonfim externa sua vontade de ser conselheiro. Quando da indica\u00e7\u00e3o de Gild\u00e1sio Penedo, o pedetista chegou a dizer que disputaria, procurou os pares para viabilizar, mas foi convencido a retirar. Aguardou outra ocasi\u00e3o e acabou recompensado.<\/p>\n<p>Outro assunto levantado na reuni\u00e3o pelo l\u00edder da oposi\u00e7\u00e3o na Casa foi a \u201cbarganha\u201d pol\u00edtica e \u201cchantagem\u201d que suscitaram quando surgiu a possibilidade de o filho do deputado disputar uma cadeira no pr\u00f3prio Pal\u00e1cio Lu\u00eds Eduardo Magalh\u00e3es.<\/p>\n<p>\u201cA n\u00f3s, da oposi\u00e7\u00e3o, n\u00e3o comporta essa quest\u00e3o da candidatura de seu filho. N\u00f3s n\u00e3o agimos comesse vi\u00e9s. N\u00f3s n\u00e3o estamos em uma secret\u00e1ria de estado e nem se trata de um cargo confian\u00e7a para que haja este tipo de atitude\u201d.<\/p>\n<p><strong>Negromonte<\/strong><\/p>\n<p>Os olhos de Negromonte ficaram marejados enquanto falava sobre sua hist\u00f3ria. O deputado federal voltou a se defender das acusa\u00e7\u00f5es que pululam na imprensa nacional contra ele. De acordo com o postulante, durante todo o tempo que exerceu cargos eletivos nunca houve uma \u00fanica representa seja do Tribunal de Contas da uni\u00e3o, dos minist\u00e9rios p\u00fablicos ou de qualquer outra institui\u00e7\u00e3o contra ele.<\/p>\n<p>Negromonte refor\u00e7ou ainda a necessidade de uma reestrutura\u00e7\u00e3o do pacto federativo para tornar as administra\u00e7\u00f5es municipais vi\u00e1veis. Atualmente, \u00e9 ponto pac\u00edfico de que elas n\u00e3o s\u00e3o devido \u00e0 despropor\u00e7\u00e3o na distribui\u00e7\u00e3o dos impostos arrecadados. A concentra\u00e7\u00e3o no governo federal \u00e9 apontada como uma das principais raz\u00f5es para o n\u00famero excessivo de contas municipais rejeitadas.<\/p>\n<p>Embora tenha tido uma longa est\u00e1dia em Bras\u00edlia, sendo l\u00edder do PP na C\u00e2mara Federal em quatro mandatos, Negromonte n\u00e3o conseguiu modificar este cen\u00e1rio.<\/p>\n<p>Zezeu Ribeiro (PT) e Carlos Gaban tamb\u00e9m foram sabatinados. Os dois disputam uma vaga para o TCE.<\/p>\n","protected":false},"excerpt":{"rendered":"<p>Sabatinados pelos deputados estaduais baianos, na manh\u00e3 desta ter\u00e7a-feira (27), Mario Negromonte (PP) e Jo\u00e3o Bonfim (PDT) choraram ao narrar as respectivas biografias cumprindo o rito estabelecido para todos os que disputam a indica\u00e7\u00e3o de uma vaga para os Tribunais de Contas do Estado ou dos Munic\u00edpios.<\/p>\n","protected":false},"author":2,"featured_media":0,"comment_status":"open","ping_status":"open","sticky":false,"template":"","format":"standard","meta":{"_links_to":"","_links_to_target":""},"categories":[1,7],"tags":[],"_links":{"self":[{"href":"https:\/\/www.blogdotarugao.com.br\/v1\/wp-json\/wp\/v2\/posts\/9814"}],"collection":[{"href":"https:\/\/www.blogdotarugao.com.br\/v1\/wp-json\/wp\/v2\/posts"}],"about":[{"href":"https:\/\/www.blogdotarugao.com.br\/v1\/wp-json\/wp\/v2\/types\/post"}],"author":[{"embeddable":true,"href":"https:\/\/www.blogdotarugao.com.br\/v1\/wp-json\/wp\/v2\/users\/2"}],"replies":[{"embeddable":true,"href":"https:\/\/www.blogdotarugao.com.br\/v1\/wp-json\/wp\/v2\/comments?post=9814"}],"version-history":[{"count":1,"href":"https:\/\/www.blogdotarugao.com.br\/v1\/wp-json\/wp\/v2\/posts\/9814\/revisions"}],"predecessor-version":[{"id":9815,"href":"https:\/\/www.blogdotarugao.com.br\/v1\/wp-json\/wp\/v2\/posts\/9814\/revisions\/9815"}],"wp:attachment":[{"href":"https:\/\/www.blogdotarugao.com.br\/v1\/wp-json\/wp\/v2\/media?parent=9814"}],"wp:term":[{"taxonomy":"category","embeddable":true,"href":"https:\/\/www.blogdotarugao.com.br\/v1\/wp-json\/wp\/v2\/categories?post=9814"},{"taxonomy":"post_tag","embeddable":true,"href":"https:\/\/www.blogdotarugao.com.br\/v1\/wp-json\/wp\/v2\/tags?post=9814"}],"curies":[{"name":"wp","href":"https:\/\/api.w.org\/{rel}","templated":true}]}}