{"id":9849,"date":"2014-05-28T22:26:32","date_gmt":"2014-05-29T01:26:32","guid":{"rendered":"http:\/\/www.blogdotarugao.com.br\/v1\/?p=9849"},"modified":"2014-05-28T22:26:32","modified_gmt":"2014-05-29T01:26:32","slug":"o-descaso-com-os-principios-da-administracao-publica-clerolandia-e-vila-rosa-pedem-socorro","status":"publish","type":"post","link":"https:\/\/www.blogdotarugao.com.br\/v1\/2014\/05\/28\/o-descaso-com-os-principios-da-administracao-publica-clerolandia-e-vila-rosa-pedem-socorro\/","title":{"rendered":"O descaso com os princ\u00edpios da Administra\u00e7\u00e3o P\u00fablica: Clerol\u00e2ndia e Vila Rosa pedem socorro!!"},"content":{"rendered":"<figure id=\"attachment_6739\"><a href=\"http:\/\/tribunadeitapetinga.com.br\/media\/2014\/05\/DSC01167.jpg\" class=\"gallery_colorbox\"><img loading=\"lazy\" alt=\"DSC01167\" src=\"http:\/\/tribunadeitapetinga.com.br\/media\/2014\/05\/DSC01167-400x300.jpg\"  width=\"400\" height=\"300\" \/><\/a><figcaption>No \u00e1udio moradores pedem para vereadores tomarem vergonha na cara!<\/figcaption><\/figure>\n<p>Cansados de serem envolvidos por promessas vazias e com a situa\u00e7\u00e3o de abandono por parte dos vereadores nos Bairros Clerol\u00e2ndia e Vila Rosa que ainda persiste, moradores procuraram o Tribuna de Itapetinga para denunciar o descaso sofrido pela popula\u00e7\u00e3o local.<!--more--><\/p>\n<p>As ruas dos bairros est\u00e3o precisando de socorro urgente, muitos buracos, lixo e mato alto que tornam a vida dos moradores e transeuntes um transtorno. Em meio a tantas faltas, a \u00fanica coisa que n\u00e3o falta \u00e9 a esperan\u00e7a de que um dia apare\u00e7a um pol\u00edtico e resolva os problemas dessas comunidades. S\u00e3o centenas de\u00a0 fam\u00edlias desprovidas dos servi\u00e7os b\u00e1sicos mais elementares garantidos pela Constitui\u00e7\u00e3o Federal. A Secretaria de Sa\u00fade que atua de forma displicente para com o\u00a0 Bairro Clerol\u00e2ndia, ainda n\u00e3o disponibilizou agentes de Sa\u00fade para cadastrar as fam\u00edlias e registra-las atrav\u00e9s do Cart\u00e3o da Fam\u00edlia. Isso implica na dificuldade de atendimento nos PSFs, pois sem o Cart\u00e3o da Fam\u00edlia o atendimento \u00e9 bloqueado. Esse transtorno persiste h\u00e1 dois anos, no qual a sa\u00fade dessas pessoas est\u00e1 comprometida.<\/p>\n<p>Um lamento que fa\u00e7o em rela\u00e7\u00e3o ao governo municipal atual \u00e9 quanto ao descaso com que o setor social \u00e9 gerido. Parece que a atual gest\u00e3o ainda tem aquele conceito impregnado de que justamente essas pessoas que mais precisam de atendimento n\u00e3o t\u00eam direito \u00e0 dignidade. Lamento por uma gest\u00e3o que prioriza a economia e escassez de verbas em detrimento do melhor atendimento ao p\u00fablico, principalmente os mais fracos, os mais necessitados e carentes. \u00c9 uma pena que a mesma economia feita as custas dos mais pobres n\u00e3o foi verificada nos gastos milion\u00e1rios em terceiriza\u00e7\u00f5es de servi\u00e7o p\u00fablico e com festas. Esses gastos, ao que parece, n\u00e3o preocupam a prefeitura.<\/p>\n<p><b>Fica aqui um alerta!<\/b><\/p>\n<p style=\"text-align: left;\">Administradores, gerentes, gestores e vereadores voltem os olhos para os citados princ\u00edpios e para o povo, que, no seu dia a dia de trabalho honesto, tem presenciado cenas e ouvido palavras pequenas e vazias, chocantes \u00e0s vezes, t\u00e3o distantes das mensagens dos homens honestos, quem sabe, dos s\u00e1bios e dos her\u00f3is. H\u00e1 quanto tempo n\u00e3o se fala em her\u00f3i ou atos de her\u00f3is?! Dentro da premissa de que toda regra tem a sua exce\u00e7\u00e3o, tor\u00e7o para que o ideal de respeito e de cidadania prevale\u00e7am, afim de garantir ao povo uma administra\u00e7\u00e3o honesta, justa, preservando a seguran\u00e7a jur\u00eddica, a paz social e o direito de ir e vir com tranquilidade, dentro de uma estrutura administrativa calcada nos princ\u00edpios expressos na Constitui\u00e7\u00e3o, visando o bem comum, atribuindo mais acordo com o ideal de cidadania e de um Estado Democr\u00e1tico de Direito.\u00a0 Por Rosane Leite<\/p>\n","protected":false},"excerpt":{"rendered":"<p>No \u00e1udio moradores pedem para vereadores tomarem vergonha na cara! Cansados de serem envolvidos por promessas vazias e com a situa\u00e7\u00e3o de abandono por parte dos vereadores nos Bairros Clerol\u00e2ndia e Vila Rosa que ainda persiste, moradores procuraram o Tribuna de Itapetinga para denunciar o descaso sofrido pela popula\u00e7\u00e3o local.<\/p>\n","protected":false},"author":2,"featured_media":0,"comment_status":"open","ping_status":"open","sticky":false,"template":"","format":"standard","meta":{"_links_to":"","_links_to_target":""},"categories":[2,1,7],"tags":[],"_links":{"self":[{"href":"https:\/\/www.blogdotarugao.com.br\/v1\/wp-json\/wp\/v2\/posts\/9849"}],"collection":[{"href":"https:\/\/www.blogdotarugao.com.br\/v1\/wp-json\/wp\/v2\/posts"}],"about":[{"href":"https:\/\/www.blogdotarugao.com.br\/v1\/wp-json\/wp\/v2\/types\/post"}],"author":[{"embeddable":true,"href":"https:\/\/www.blogdotarugao.com.br\/v1\/wp-json\/wp\/v2\/users\/2"}],"replies":[{"embeddable":true,"href":"https:\/\/www.blogdotarugao.com.br\/v1\/wp-json\/wp\/v2\/comments?post=9849"}],"version-history":[{"count":2,"href":"https:\/\/www.blogdotarugao.com.br\/v1\/wp-json\/wp\/v2\/posts\/9849\/revisions"}],"predecessor-version":[{"id":9851,"href":"https:\/\/www.blogdotarugao.com.br\/v1\/wp-json\/wp\/v2\/posts\/9849\/revisions\/9851"}],"wp:attachment":[{"href":"https:\/\/www.blogdotarugao.com.br\/v1\/wp-json\/wp\/v2\/media?parent=9849"}],"wp:term":[{"taxonomy":"category","embeddable":true,"href":"https:\/\/www.blogdotarugao.com.br\/v1\/wp-json\/wp\/v2\/categories?post=9849"},{"taxonomy":"post_tag","embeddable":true,"href":"https:\/\/www.blogdotarugao.com.br\/v1\/wp-json\/wp\/v2\/tags?post=9849"}],"curies":[{"name":"wp","href":"https:\/\/api.w.org\/{rel}","templated":true}]}}