{"id":9882,"date":"2014-05-29T08:09:43","date_gmt":"2014-05-29T11:09:43","guid":{"rendered":"http:\/\/www.blogdotarugao.com.br\/v1\/?p=9882"},"modified":"2014-05-29T08:09:43","modified_gmt":"2014-05-29T11:09:43","slug":"pv-deve-decidir-por-apoio-a-paulo-souto-em-reuniao-nesta-quinta","status":"publish","type":"post","link":"https:\/\/www.blogdotarugao.com.br\/v1\/2014\/05\/29\/pv-deve-decidir-por-apoio-a-paulo-souto-em-reuniao-nesta-quinta\/","title":{"rendered":"PV deve decidir por apoio a Paulo Souto em reuni\u00e3o nesta quinta"},"content":{"rendered":"<div>\n<div><img title=\"PV deve decidir por apoio a Paulo Souto em reuni\u00e3o nesta quinta\" alt=\"PV deve decidir por apoio a Paulo Souto em reuni\u00e3o nesta quinta\" src=\"http:\/\/www.bahianoticias.com.br\/fotos\/principal_noticias\/155074\/xIMAGEM_NOTICIA_5.jpg.pagespeed.ic.7A71gz81iA.jpg\" \/><\/p>\n<div>Foto: Max Haack \/ Ag Haack \/ Bahia Not\u00edcias<\/div>\n<\/div>\n<div><\/div>\n<\/div>\n<div>\n<div id=\"cke_pastebin\"><strong>Em reuni\u00e3o marcada para esta quinta-feira (29), na sede do partido, no bairro do Rio Vermelho, em Salvador, o PV decidir\u00e1 ao lado de quem seguir\u00e1 rumo \u00e0s elei\u00e7\u00f5es de outubro deste ano no estado. Em entrevista ao Bahia Not\u00edcias nesta quarta (28), o presidente regional da legenda, o prefeito de Lic\u00ednio de Almeida, Alan Lacerda, divulgou que, durante o encontro, a sigla deve fechar apoio ao pr\u00e9-candidato oposicionista ao governo, Paulo Souto (DEM). \u201cA tend\u00eancia \u00e9 essa, mas ainda precisa passar por aprova\u00e7\u00e3o dos membros do partido\u201d, disse.<!--more--> Segundo ele, todos os integrantes da executiva estadual foram convidados para o evento \u2013 e n\u00e3o ser\u00e3o constrangidos caso discordem do encaminhamento. \u201cEm outros partidos, \u00e9 comum que o presidente decida o apoio e comunique aos correligion\u00e1rios. Nossa decis\u00e3o \u00e9 tomada de forma conjunta, precisa passar por aprova\u00e7\u00e3o de toda a ala do estado\u201d, afirmou. A escolha por Souto \u00e9 confirmada ap\u00f3s uma onda de especula\u00e7\u00f5es sobre a poss\u00edvel alian\u00e7a entre o PV e o PSB da senadora e pleiteante ao Pal\u00e1cio de Ondina L\u00eddice da Mata, que teria chegado a cogitar a possibilidade de ceder aos verdes a vaga de vice na chapa socialista. Questionado sobre o assunto, Lacerda negou que tenha pleiteado a posi\u00e7\u00e3o, mas admitiu que, caso fosse eleita para o cargo n\u00famero 2 da coliga\u00e7\u00e3o, a legenda teria avan\u00e7ado nas negocia\u00e7\u00f5es com a parlamentar. \u201cQuando conversamos com o PSB, [o PV na vice] era uma possibilidade e sentimos que esse poderia ser um caminho para a sigla. Mas as conversas n\u00e3o avan\u00e7aram muito\u201d, contou. O pevista n\u00e3o estimou data para oficializa\u00e7\u00e3o do posicionamento sacramentado nesta quinta.\u00a0<\/strong><\/div>\n<\/div>\n","protected":false},"excerpt":{"rendered":"<p>Foto: Max Haack \/ Ag Haack \/ Bahia Not\u00edcias Em reuni\u00e3o marcada para esta quinta-feira (29), na sede do partido, no bairro do Rio Vermelho, em Salvador, o PV decidir\u00e1 ao lado de quem seguir\u00e1 rumo \u00e0s elei\u00e7\u00f5es de outubro deste ano no estado. Em entrevista ao Bahia Not\u00edcias nesta quarta (28), o presidente regional [&hellip;]<\/p>\n","protected":false},"author":2,"featured_media":0,"comment_status":"open","ping_status":"open","sticky":false,"template":"","format":"standard","meta":{"_links_to":"","_links_to_target":""},"categories":[1,7],"tags":[],"_links":{"self":[{"href":"https:\/\/www.blogdotarugao.com.br\/v1\/wp-json\/wp\/v2\/posts\/9882"}],"collection":[{"href":"https:\/\/www.blogdotarugao.com.br\/v1\/wp-json\/wp\/v2\/posts"}],"about":[{"href":"https:\/\/www.blogdotarugao.com.br\/v1\/wp-json\/wp\/v2\/types\/post"}],"author":[{"embeddable":true,"href":"https:\/\/www.blogdotarugao.com.br\/v1\/wp-json\/wp\/v2\/users\/2"}],"replies":[{"embeddable":true,"href":"https:\/\/www.blogdotarugao.com.br\/v1\/wp-json\/wp\/v2\/comments?post=9882"}],"version-history":[{"count":1,"href":"https:\/\/www.blogdotarugao.com.br\/v1\/wp-json\/wp\/v2\/posts\/9882\/revisions"}],"predecessor-version":[{"id":9883,"href":"https:\/\/www.blogdotarugao.com.br\/v1\/wp-json\/wp\/v2\/posts\/9882\/revisions\/9883"}],"wp:attachment":[{"href":"https:\/\/www.blogdotarugao.com.br\/v1\/wp-json\/wp\/v2\/media?parent=9882"}],"wp:term":[{"taxonomy":"category","embeddable":true,"href":"https:\/\/www.blogdotarugao.com.br\/v1\/wp-json\/wp\/v2\/categories?post=9882"},{"taxonomy":"post_tag","embeddable":true,"href":"https:\/\/www.blogdotarugao.com.br\/v1\/wp-json\/wp\/v2\/tags?post=9882"}],"curies":[{"name":"wp","href":"https:\/\/api.w.org\/{rel}","templated":true}]}}