{"id":9989,"date":"2014-05-30T23:14:03","date_gmt":"2014-05-31T02:14:03","guid":{"rendered":"http:\/\/www.blogdotarugao.com.br\/v1\/?p=9989"},"modified":"2014-05-30T23:14:03","modified_gmt":"2014-05-31T02:14:03","slug":"souto-joaci-e-geddel-irao-ao-oeste-baiano-neste-final-de-semana","status":"publish","type":"post","link":"https:\/\/www.blogdotarugao.com.br\/v1\/2014\/05\/30\/souto-joaci-e-geddel-irao-ao-oeste-baiano-neste-final-de-semana\/","title":{"rendered":"Souto, Joaci e Geddel ir\u00e3o ao oeste baiano neste final de semana"},"content":{"rendered":"<p>A principal chapa de oposi\u00e7\u00e3o ao governo da Bahia, liderada pelo pr\u00e9-candidato pelo DEM, Paulo Souto, desembarcar\u00e1 neste final de semana no oeste baiano.<\/p>\n<p>No roteiro dos postulantes, al\u00e9m do cabe\u00e7a da chapa, o seu vice, Joaci G\u00f3es (PSDB), e Geddel Vieira Lima, pr\u00e9-candidato ao Senado ir\u00e3o a Barreiras, Lu\u00eds Eduardo Magalh\u00e3es e Barra.<br \/>\n<img loading=\"lazy\" alt=\"\" src=\"http:\/\/www.bocaonews.com.br\/ckfinder\/userfiles\/fotos_e_imagens\/POLITICA\/23_05_14_Paulo%20Souto_Teixeira%20de%20Freitas_foto%20Valter%20Pontes_Coperphoto2.jpg\" width=\"480\" height=\"304\" \/><\/p>\n<p>De acordo com sua assessoria, a comitiva estar\u00e1 no s\u00e1bado (31), em Barreiras, \u00e0s 9h30, no Bartira Eventos, que fica no centro da cidade. No mesmo dia, as 12h, o grupo visita a Bahia Farm Show, em Lu\u00eds Eduardo Magalh\u00e3es.<\/p>\n<p>No domingo, os pol\u00edticos passam o dia em Barra. Souto, Joaci e Geddel t\u00eam encontro marcado \u00e0s 9h30, na AABB.<\/p>\n<p>\u201cNesta pr\u00e9-campanha, estamos percorrendo a Bahia de Norte a Sul, de Leste a Oeste, para ouvir os anseios do povo baiano\u201d, afirmou Paulo Souto.<\/p>\n","protected":false},"excerpt":{"rendered":"<p>A principal chapa de oposi\u00e7\u00e3o ao governo da Bahia, liderada pelo pr\u00e9-candidato pelo DEM, Paulo Souto, desembarcar\u00e1 neste final de semana no oeste baiano. No roteiro dos postulantes, al\u00e9m do cabe\u00e7a da chapa, o seu vice, Joaci G\u00f3es (PSDB), e Geddel Vieira Lima, pr\u00e9-candidato ao Senado ir\u00e3o a Barreiras, Lu\u00eds Eduardo Magalh\u00e3es e Barra. De [&hellip;]<\/p>\n","protected":false},"author":2,"featured_media":0,"comment_status":"open","ping_status":"open","sticky":false,"template":"","format":"standard","meta":{"_links_to":"","_links_to_target":""},"categories":[1,7],"tags":[],"_links":{"self":[{"href":"https:\/\/www.blogdotarugao.com.br\/v1\/wp-json\/wp\/v2\/posts\/9989"}],"collection":[{"href":"https:\/\/www.blogdotarugao.com.br\/v1\/wp-json\/wp\/v2\/posts"}],"about":[{"href":"https:\/\/www.blogdotarugao.com.br\/v1\/wp-json\/wp\/v2\/types\/post"}],"author":[{"embeddable":true,"href":"https:\/\/www.blogdotarugao.com.br\/v1\/wp-json\/wp\/v2\/users\/2"}],"replies":[{"embeddable":true,"href":"https:\/\/www.blogdotarugao.com.br\/v1\/wp-json\/wp\/v2\/comments?post=9989"}],"version-history":[{"count":1,"href":"https:\/\/www.blogdotarugao.com.br\/v1\/wp-json\/wp\/v2\/posts\/9989\/revisions"}],"predecessor-version":[{"id":9990,"href":"https:\/\/www.blogdotarugao.com.br\/v1\/wp-json\/wp\/v2\/posts\/9989\/revisions\/9990"}],"wp:attachment":[{"href":"https:\/\/www.blogdotarugao.com.br\/v1\/wp-json\/wp\/v2\/media?parent=9989"}],"wp:term":[{"taxonomy":"category","embeddable":true,"href":"https:\/\/www.blogdotarugao.com.br\/v1\/wp-json\/wp\/v2\/categories?post=9989"},{"taxonomy":"post_tag","embeddable":true,"href":"https:\/\/www.blogdotarugao.com.br\/v1\/wp-json\/wp\/v2\/tags?post=9989"}],"curies":[{"name":"wp","href":"https:\/\/api.w.org\/{rel}","templated":true}]}}